{"id":4909,"date":"2023-11-03T14:01:36","date_gmt":"2023-11-03T13:01:36","guid":{"rendered":"https:\/\/zusammenhalt-feuerwehr.de\/?p=4909"},"modified":"2023-11-03T16:21:37","modified_gmt":"2023-11-03T15:21:37","slug":"messe-florian-2023","status":"publish","type":"post","link":"https:\/\/zusammenhalt-feuerwehr.de\/einfache-sprache\/2023\/11\/03\/messe-florian-2023\/","title":{"rendered":"Messe FLORIAN 2023"},"content":{"rendered":"<p>Auch f\u00fcr uns von ASPEKT 112 ist die Messe FLORIAN jedes Jahr ein wichtiger Termin, um das Angebot des Projektes f\u00fcr die Feuerwehren in Sachsen bekannt zu machen. In diesem Jahr wurden die Aussteller der Messe f\u00f6rmlich \u00fcberrannt vom immensen Besucheransturm, der sofort nach \u00d6ffnung der Messetore einsetzte.<img decoding=\"async\" class=\"size-medium wp-image-4910 alignright\" src=\"https:\/\/zusammenhalt-feuerwehr.de\/wp-content\/uploads\/2023\/11\/signal-2023-11-03-092335_003-300x169.jpeg\" alt=\"\" width=\"300\" height=\"169\" srcset=\"https:\/\/zusammenhalt-feuerwehr.de\/wp-content\/uploads\/2023\/11\/signal-2023-11-03-092335_003-18x10.jpeg 18w, https:\/\/zusammenhalt-feuerwehr.de\/wp-content\/uploads\/2023\/11\/signal-2023-11-03-092335_003-200x113.jpeg 200w, https:\/\/zusammenhalt-feuerwehr.de\/wp-content\/uploads\/2023\/11\/signal-2023-11-03-092335_003-300x169.jpeg 300w, https:\/\/zusammenhalt-feuerwehr.de\/wp-content\/uploads\/2023\/11\/signal-2023-11-03-092335_003-400x225.jpeg 400w, https:\/\/zusammenhalt-feuerwehr.de\/wp-content\/uploads\/2023\/11\/signal-2023-11-03-092335_003-600x338.jpeg 600w, https:\/\/zusammenhalt-feuerwehr.de\/wp-content\/uploads\/2023\/11\/signal-2023-11-03-092335_003-768x432.jpeg 768w, https:\/\/zusammenhalt-feuerwehr.de\/wp-content\/uploads\/2023\/11\/signal-2023-11-03-092335_003-800x450.jpeg 800w, https:\/\/zusammenhalt-feuerwehr.de\/wp-content\/uploads\/2023\/11\/signal-2023-11-03-092335_003-1024x576.jpeg 1024w, https:\/\/zusammenhalt-feuerwehr.de\/wp-content\/uploads\/2023\/11\/signal-2023-11-03-092335_003-1200x675.jpeg 1200w, https:\/\/zusammenhalt-feuerwehr.de\/wp-content\/uploads\/2023\/11\/signal-2023-11-03-092335_003-1536x864.jpeg 1536w\" sizes=\"(max-width: 300px) 100vw, 300px\" \/> <img decoding=\"async\" class=\"size-medium wp-image-4911 alignright\" src=\"https:\/\/zusammenhalt-feuerwehr.de\/wp-content\/uploads\/2023\/11\/signal-2023-11-03-092335_007-169x300.jpeg\" alt=\"\" width=\"169\" height=\"300\" srcset=\"https:\/\/zusammenhalt-feuerwehr.de\/wp-content\/uploads\/2023\/11\/signal-2023-11-03-092335_007-7x12.jpeg 7w, https:\/\/zusammenhalt-feuerwehr.de\/wp-content\/uploads\/2023\/11\/signal-2023-11-03-092335_007-169x300.jpeg 169w, https:\/\/zusammenhalt-feuerwehr.de\/wp-content\/uploads\/2023\/11\/signal-2023-11-03-092335_007-200x356.jpeg 200w, https:\/\/zusammenhalt-feuerwehr.de\/wp-content\/uploads\/2023\/11\/signal-2023-11-03-092335_007-400x711.jpeg 400w, https:\/\/zusammenhalt-feuerwehr.de\/wp-content\/uploads\/2023\/11\/signal-2023-11-03-092335_007-576x1024.jpeg 576w, https:\/\/zusammenhalt-feuerwehr.de\/wp-content\/uploads\/2023\/11\/signal-2023-11-03-092335_007-600x1067.jpeg 600w, https:\/\/zusammenhalt-feuerwehr.de\/wp-content\/uploads\/2023\/11\/signal-2023-11-03-092335_007-768x1365.jpeg 768w, https:\/\/zusammenhalt-feuerwehr.de\/wp-content\/uploads\/2023\/11\/signal-2023-11-03-092335_007-800x1422.jpeg 800w, https:\/\/zusammenhalt-feuerwehr.de\/wp-content\/uploads\/2023\/11\/signal-2023-11-03-092335_007-864x1536.jpeg 864w, https:\/\/zusammenhalt-feuerwehr.de\/wp-content\/uploads\/2023\/11\/signal-2023-11-03-092335_007.jpeg 1152w\" sizes=\"(max-width: 169px) 100vw, 169px\" \/><\/p>\n<p>Als ASPEKT 112 waren wir mit eigenem Tresen bei uns am Stand des LFV Sachsen e.V. vertreten und konnten unz\u00e4hlige Gespr\u00e4che zu unseren Angeboten f\u00fchren.<\/p>\n<p><img decoding=\"async\" class=\"size-medium wp-image-4912 alignleft\" src=\"https:\/\/zusammenhalt-feuerwehr.de\/wp-content\/uploads\/2023\/11\/Screenshot-2023-11-03-135914-179x300.png\" alt=\"\" width=\"179\" height=\"300\" srcset=\"https:\/\/zusammenhalt-feuerwehr.de\/wp-content\/uploads\/2023\/11\/Screenshot-2023-11-03-135914-7x12.png 7w, https:\/\/zusammenhalt-feuerwehr.de\/wp-content\/uploads\/2023\/11\/Screenshot-2023-11-03-135914-179x300.png 179w, https:\/\/zusammenhalt-feuerwehr.de\/wp-content\/uploads\/2023\/11\/Screenshot-2023-11-03-135914-200x335.png 200w, https:\/\/zusammenhalt-feuerwehr.de\/wp-content\/uploads\/2023\/11\/Screenshot-2023-11-03-135914-400x670.png 400w, https:\/\/zusammenhalt-feuerwehr.de\/wp-content\/uploads\/2023\/11\/Screenshot-2023-11-03-135914.png 508w\" sizes=\"(max-width: 179px) 100vw, 179px\" \/>Als Highlight konnten wir mehrere Schnupperworkshops zum Thema &#8218;Deeskalation im Einsatzgeschehen&#8216; mit Dr. Ken Oesterreich durchf\u00fchren.<\/p>\n<p>Die Kooperation der LFS und ASPEKT 112 zu diesem Thema wird auch im n\u00e4chsten Jahr fortgef\u00fchrt, so dass Dr. Oesterreich dort wieder zum L657 anzutreffen sein wird. Wer das Thema im Anschluss noch vertiefen m\u00f6chte, ist herzlich eingeladen zum Aufbauseminar zu der Thematik am 27.04.2024 (<a href=\"https:\/\/eveeno.com\/280846041\">zur Anmeldung<\/a>) und am 17.08.2024 (<a href=\"https:\/\/eveeno.com\/294944055\">zur Anmeldung<\/a>), jeweils 9 \u00a0bis 16 Uhr in Dresden.<\/p>","protected":false},"excerpt":{"rendered":"<p>Auch f\u00fcr uns von ASPEKT 112 ist die Messe FLORIAN [&hellip;]<\/p>","protected":false},"author":11,"featured_media":0,"comment_status":"open","ping_status":"closed","sticky":false,"template":"","format":"standard","meta":{"footnotes":""},"categories":[1],"tags":[],"_links":{"self":[{"href":"https:\/\/zusammenhalt-feuerwehr.de\/einfache-sprache\/wp-json\/wp\/v2\/posts\/4909"}],"collection":[{"href":"https:\/\/zusammenhalt-feuerwehr.de\/einfache-sprache\/wp-json\/wp\/v2\/posts"}],"about":[{"href":"https:\/\/zusammenhalt-feuerwehr.de\/einfache-sprache\/wp-json\/wp\/v2\/types\/post"}],"author":[{"embeddable":true,"href":"https:\/\/zusammenhalt-feuerwehr.de\/einfache-sprache\/wp-json\/wp\/v2\/users\/11"}],"replies":[{"embeddable":true,"href":"https:\/\/zusammenhalt-feuerwehr.de\/einfache-sprache\/wp-json\/wp\/v2\/comments?post=4909"}],"version-history":[{"count":2,"href":"https:\/\/zusammenhalt-feuerwehr.de\/einfache-sprache\/wp-json\/wp\/v2\/posts\/4909\/revisions"}],"predecessor-version":[{"id":4914,"href":"https:\/\/zusammenhalt-feuerwehr.de\/einfache-sprache\/wp-json\/wp\/v2\/posts\/4909\/revisions\/4914"}],"wp:attachment":[{"href":"https:\/\/zusammenhalt-feuerwehr.de\/einfache-sprache\/wp-json\/wp\/v2\/media?parent=4909"}],"wp:term":[{"taxonomy":"category","embeddable":true,"href":"https:\/\/zusammenhalt-feuerwehr.de\/einfache-sprache\/wp-json\/wp\/v2\/categories?post=4909"},{"taxonomy":"post_tag","embeddable":true,"href":"https:\/\/zusammenhalt-feuerwehr.de\/einfache-sprache\/wp-json\/wp\/v2\/tags?post=4909"}],"curies":[{"name":"wp","href":"https:\/\/api.w.org\/{rel}","templated":true}]}}