{"id":4926,"date":"2023-11-30T16:30:13","date_gmt":"2023-11-30T15:30:13","guid":{"rendered":"https:\/\/zusammenhalt-feuerwehr.de\/?p=4926"},"modified":"2025-02-27T16:22:47","modified_gmt":"2025-02-27T15:22:47","slug":"erstes-teamtreffen-mit-neuen-gesichtern-2023","status":"publish","type":"post","link":"https:\/\/zusammenhalt-feuerwehr.de\/einfache-sprache\/2023\/11\/30\/erstes-teamtreffen-mit-neuen-gesichtern-2023\/","title":{"rendered":"Erstes Teamtreffen mit neuen Gesichtern 2023"},"content":{"rendered":"<p>Am 10. und 11. November trafen sich die Teilnehmenden der aktuell abgeschlossenen Beratungsausbildung des Landesfeuerwehrverbandes Sachsen e.V. zur Zertifikats\u00fcbergabe im Landhaus Lockwitzgrund in Dresden.<\/p>\n<div dir=\"auto\" style=\"text-align: right;\"><img decoding=\"async\" class=\"wp-image-4929 alignleft\" src=\"https:\/\/zusammenhalt-feuerwehr.de\/wp-content\/uploads\/2023\/11\/20231110_184055-e1701354930339-300x170.jpg\" alt=\"\" width=\"309\" height=\"175\" srcset=\"https:\/\/zusammenhalt-feuerwehr.de\/wp-content\/uploads\/2023\/11\/20231110_184055-e1701354930339-18x10.jpg 18w, https:\/\/zusammenhalt-feuerwehr.de\/wp-content\/uploads\/2023\/11\/20231110_184055-e1701354930339-200x113.jpg 200w, https:\/\/zusammenhalt-feuerwehr.de\/wp-content\/uploads\/2023\/11\/20231110_184055-e1701354930339-300x170.jpg 300w, https:\/\/zusammenhalt-feuerwehr.de\/wp-content\/uploads\/2023\/11\/20231110_184055-e1701354930339-400x227.jpg 400w, https:\/\/zusammenhalt-feuerwehr.de\/wp-content\/uploads\/2023\/11\/20231110_184055-e1701354930339-600x340.jpg 600w, https:\/\/zusammenhalt-feuerwehr.de\/wp-content\/uploads\/2023\/11\/20231110_184055-e1701354930339-768x435.jpg 768w, https:\/\/zusammenhalt-feuerwehr.de\/wp-content\/uploads\/2023\/11\/20231110_184055-e1701354930339-800x453.jpg 800w, https:\/\/zusammenhalt-feuerwehr.de\/wp-content\/uploads\/2023\/11\/20231110_184055-e1701354930339-1024x580.jpg 1024w, https:\/\/zusammenhalt-feuerwehr.de\/wp-content\/uploads\/2023\/11\/20231110_184055-e1701354930339-1200x680.jpg 1200w, https:\/\/zusammenhalt-feuerwehr.de\/wp-content\/uploads\/2023\/11\/20231110_184055-e1701354930339-1536x870.jpg 1536w\" sizes=\"(max-width: 309px) 100vw, 309px\" \/>Nach vielen, vielen Stunden der gemeinsamen Weiterbildung konnten zehn Kameradinnen und Kameraden ihr Zertifikat als Berater bzw. Beraterin in Empfang nehmen. \u00dcberreicht wurde unseren s\u00e4chsischen Teilnehmenden das Zertifikat von LFV-Vizepr\u00e4sident Gunnar Ullmann. Wir gratulieren allen Absolventen der Ausbildung noch einmal herzlich. Ab sofort verst\u00e4rken sie das Team von ASPEKT 112.<\/div>\n<div dir=\"auto\" style=\"text-align: right;\"><img decoding=\"async\" class=\"size-full wp-image-4928 alignright\" src=\"https:\/\/zusammenhalt-feuerwehr.de\/wp-content\/uploads\/2023\/11\/a4yl6x0m.png\" alt=\"\" width=\"167\" height=\"242\" srcset=\"https:\/\/zusammenhalt-feuerwehr.de\/wp-content\/uploads\/2023\/11\/a4yl6x0m-8x12.png 8w, https:\/\/zusammenhalt-feuerwehr.de\/wp-content\/uploads\/2023\/11\/a4yl6x0m.png 167w\" sizes=\"(max-width: 167px) 100vw, 167px\" \/><\/div>\n<div>\n<div><\/div>\n<\/div>\n<p>Inhaltlich haben wir an diesem Samstag die Themen &#8218;Visualisierung&#8216; und &#8218;Pers\u00f6nlichkeitstypen&#8216; intensiviert. Praktische Beispiele und \u00dcbungen mit dem Dozenten Dr. J\u00f6rg Heidig konnten die Theorie lebendig werden lassen. Alle Teilnehmer konnten auf diesem Wege die bisher gelernten Kompetenzen noch einmal in Anwendungsbeispielen, konkreten Abl\u00e4ufen und praktischen \u00dcbungen ausprobieren.<\/p>\n<div dir=\"auto\" style=\"text-align: left;\">Gemeinsam blicken wir voraus und werden weiterhin besch\u00e4ftigt sein mit Themen rund um Kameradschaft und Zusammenhalt. Bei Konflikten oder anderem Unterst\u00fctzungsbedarf f\u00fcrs Feuerwehrteam sind wir ansprechbar f\u00fcr alle s\u00e4chsischen Kameradinnen und Kameraden. Wir bieten Euch Beratung im Konfliktfall, Weiterbildungen aus unserem Themenkatalog und Dienstabende zu Kameradschaftsthemen an. Wir finden mit Euch zusammen ma\u00dfgeschneiderte L\u00f6sungen f\u00fcr jeden Bedarf.<\/div>\n<div dir=\"auto\" style=\"text-align: left;\">Erreichbar sind wir per E-Mail \u00fcber aspekt112@lfv-sachsen.de oder<\/div>\n<div dir=\"auto\" style=\"text-align: left;\">Telefon 0351 250 93 802<\/div>","protected":false},"excerpt":{"rendered":"<p>Am 10. und 11. November trafen sich die Teilnehmenden der [&hellip;]<\/p>","protected":false},"author":12,"featured_media":0,"comment_status":"open","ping_status":"closed","sticky":false,"template":"","format":"standard","meta":{"footnotes":""},"categories":[1],"tags":[],"_links":{"self":[{"href":"https:\/\/zusammenhalt-feuerwehr.de\/einfache-sprache\/wp-json\/wp\/v2\/posts\/4926"}],"collection":[{"href":"https:\/\/zusammenhalt-feuerwehr.de\/einfache-sprache\/wp-json\/wp\/v2\/posts"}],"about":[{"href":"https:\/\/zusammenhalt-feuerwehr.de\/einfache-sprache\/wp-json\/wp\/v2\/types\/post"}],"author":[{"embeddable":true,"href":"https:\/\/zusammenhalt-feuerwehr.de\/einfache-sprache\/wp-json\/wp\/v2\/users\/12"}],"replies":[{"embeddable":true,"href":"https:\/\/zusammenhalt-feuerwehr.de\/einfache-sprache\/wp-json\/wp\/v2\/comments?post=4926"}],"version-history":[{"count":2,"href":"https:\/\/zusammenhalt-feuerwehr.de\/einfache-sprache\/wp-json\/wp\/v2\/posts\/4926\/revisions"}],"predecessor-version":[{"id":4933,"href":"https:\/\/zusammenhalt-feuerwehr.de\/einfache-sprache\/wp-json\/wp\/v2\/posts\/4926\/revisions\/4933"}],"wp:attachment":[{"href":"https:\/\/zusammenhalt-feuerwehr.de\/einfache-sprache\/wp-json\/wp\/v2\/media?parent=4926"}],"wp:term":[{"taxonomy":"category","embeddable":true,"href":"https:\/\/zusammenhalt-feuerwehr.de\/einfache-sprache\/wp-json\/wp\/v2\/categories?post=4926"},{"taxonomy":"post_tag","embeddable":true,"href":"https:\/\/zusammenhalt-feuerwehr.de\/einfache-sprache\/wp-json\/wp\/v2\/tags?post=4926"}],"curies":[{"name":"wp","href":"https:\/\/api.w.org\/{rel}","templated":true}]}}